{"id":643,"date":"2024-06-26T14:58:45","date_gmt":"2024-06-26T12:58:45","guid":{"rendered":"https:\/\/fgpatinaje.eus\/2024\/06\/historia-egiten-jarraitzen-dugu-skateboarding-paris-2024-olinpiadak\/"},"modified":"2024-12-03T10:53:11","modified_gmt":"2024-12-03T09:53:11","slug":"historia-egiten-jarraitzen-dugu-skateboarding-paris-2024-olinpiadak","status":"publish","type":"post","link":"https:\/\/fgpatinaje.eus\/eu\/2024\/06\/historia-egiten-jarraitzen-dugu-skateboarding-paris-2024-olinpiadak\/","title":{"rendered":"Historia egiten jarraitzen dugu SKATEBOARDING PARIS 2024 OLINPIADAK"},"content":{"rendered":"\n<p>Duela 7 urte hasi genuen SKATEBOARDING proiektu oso anbiziotsu bat, Basque Team-en laguntzarekin. <\/p>\n\n<p>Ez dugu esango erraza izan denik; guztiontzat egoera berria izan da: kirolarientzat, familientzat, teknikoentzat, federazioarentzat&#8230; baina horrek ez digu amore emanarazi.<\/p>\n\n<p>Akats eta asmamen guztiekin, eta Basque Team-eko zuzendaritzaren eta teknikarien babes baldintzagabearekin, lortu dugu Olinpiar ziklo honen azken txanpan RFEPekin ibilbide-orria partekatzea, eta horrek dudarik gabe gure riderrei prestakuntza hobea izateko aukera eskaini die.<\/p>\n\n<p>Ederra da nola kirolari gazte hauek erakutsi diguten, desberdintasunen eta arazoen gainetik, beraien pasioa den kirola dagoela. Ikasketak kirol prestaketarekin uztartzeko gai izan dira, eta horrek, kasu askotan, beren kontinentez kanpo joatera behartu ditu. Aipagarria ere familiak egindako ahalegina, bide gogor honetan bidelagun izan baitira.<\/p>\n\n<p>Dagoeneko esan dezakegu <strong>Paris 2024ko Olinpiar Jokoak<\/strong> gure txirrindulari gazte batzuentzat, Emakumeen Parkean parte hartuko duen <strong>Naia Laso<\/strong> eta Gizonen Parkean parte hartuko duen <strong>Alain Kortabitarte<\/strong> . ZORIONAK, ZORIONAK ETA BERRIZ ZORIONAK!<\/p>\n\n<p>Baina baita Zorionak Olinpiar Joko hauetara sartu gabe ere LETERALDIAN ATETAN utzi dituzten taldekideei, Afrika <strong>Criado<\/strong> eta <strong>Peio Gonz\u00e1lez<\/strong> , gaur egun erreserba lekuetan.<\/p>\n\n<p>Eta noski, baita ZORIONAK <strong>Gadea Moja<\/strong> , <strong>Sara Larra\u00f1agari<\/strong> eta <strong>Egoitz Bijueska<\/strong> taldeko txikienei ere, puntuagarri guztietan parte hartu gabe eta, beraz, desabantailan hasita, ahalik eta gogorren lan egiten eta borrokatzen jakin baitute hainbeste desiratutako Olinpiar Jokoetan sartzeko azken proba.<\/p>\n\n<p>Azken aipamena FVP\/EHIF entrenatzaileari, <strong>Jon Ander de Ari\u00f1o, Ian Campbell, Julen Arizmendi eta Jon Mikel Lopezi<\/strong> , RFEPko entrenatzaile eta hautatzaile <strong>Alain Goikoetxea<\/strong> rekin batera, posible egin dutenak.<\/p>\n\n<p>Sartu zaretenoi, atean geratu direnei eta azken momentuan euren lekua lortu ezin izan dutenei, FVP\/EHIFk lerro hauetatik gure esker ona helarazi nahi dizue ulertarazteko. eta goza ezazu jada gure egin dugun zure kirola.<\/p>\n\n<p>ZORIONAK GUZTIOI eta EZKERRIK ASKO<\/p>\n\n<figure class=\"wp-block-embed is-type-video is-provider-youtube wp-block-embed-youtube wp-embed-aspect-16-9 wp-has-aspect-ratio\"><div class=\"wp-block-embed__wrapper\">\n<iframe title=\"La skater Naia Laso se clasifica para los Juegos de Par\u00eds 2024, tras participar en Budapest\" width=\"800\" height=\"450\" src=\"https:\/\/www.youtube.com\/embed\/NEYeicxqAKA?feature=oembed\" frameborder=\"0\" allow=\"accelerometer; autoplay; clipboard-write; encrypted-media; gyroscope; picture-in-picture; web-share\" referrerpolicy=\"strict-origin-when-cross-origin\" allowfullscreen><\/iframe>\n<\/div><\/figure>\n\n<figure class=\"wp-block-embed is-type-video is-provider-youtube wp-block-embed-youtube wp-embed-aspect-16-9 wp-has-aspect-ratio\"><div class=\"wp-block-embed__wrapper\">\n<iframe title=\"La skater Gadea Moja no se clasifica para las semifinales en el preol\u00edmpico de Budapest\" width=\"800\" height=\"450\" src=\"https:\/\/www.youtube.com\/embed\/3U8KrQHIXhA?feature=oembed\" frameborder=\"0\" allow=\"accelerometer; autoplay; clipboard-write; encrypted-media; gyroscope; picture-in-picture; web-share\" referrerpolicy=\"strict-origin-when-cross-origin\" allowfullscreen><\/iframe>\n<\/div><\/figure>\n\n<figure class=\"wp-block-embed is-type-video is-provider-youtube wp-block-embed-youtube wp-embed-aspect-16-9 wp-has-aspect-ratio\"><div class=\"wp-block-embed__wrapper\">\n<iframe title=\"El skater Egoitz Bijueska no alcanza las semifinales en el preol\u00edmpico de Budapest\" width=\"800\" height=\"450\" src=\"https:\/\/www.youtube.com\/embed\/hiie3H44CG8?feature=oembed\" frameborder=\"0\" allow=\"accelerometer; autoplay; clipboard-write; encrypted-media; gyroscope; picture-in-picture; web-share\" referrerpolicy=\"strict-origin-when-cross-origin\" allowfullscreen><\/iframe>\n<\/div><\/figure>\n\n<figure class=\"wp-block-embed is-type-video is-provider-youtube wp-block-embed-youtube wp-embed-aspect-16-9 wp-has-aspect-ratio\"><div class=\"wp-block-embed__wrapper\">\n<iframe title=\"Alain Kortabitarte se clasifica para los Juegos de Paris 2024\" width=\"800\" height=\"450\" src=\"https:\/\/www.youtube.com\/embed\/OnGQrEf66u4?feature=oembed\" frameborder=\"0\" allow=\"accelerometer; autoplay; clipboard-write; encrypted-media; gyroscope; picture-in-picture; web-share\" referrerpolicy=\"strict-origin-when-cross-origin\" allowfullscreen><\/iframe>\n<\/div><\/figure>\n\n<figure class=\"wp-block-embed is-type-video is-provider-youtube wp-block-embed-youtube wp-embed-aspect-16-9 wp-has-aspect-ratio\"><div class=\"wp-block-embed__wrapper\">\n<iframe title=\"El skater Peio Gonz\u00e1lez contin\u00faa con opciones ol\u00edmpicas aunque no ha pasado a semis en Budapest\" width=\"800\" height=\"450\" src=\"https:\/\/www.youtube.com\/embed\/NvHjjDltq4U?start=21&#038;feature=oembed\" frameborder=\"0\" allow=\"accelerometer; autoplay; clipboard-write; encrypted-media; gyroscope; picture-in-picture; web-share\" referrerpolicy=\"strict-origin-when-cross-origin\" allowfullscreen><\/iframe>\n<\/div><\/figure>\n\n<p><\/p>\n","protected":false},"excerpt":{"rendered":"<p>Duela 7 urte hasi genuen SKATEBOARDING proiektu oso anbiziotsu bat, Basque Team-en laguntzarekin. Ez dugu esango erraza izan denik; guztiontzat egoera berria izan da: kirolarientzat, familientzat, teknikoentzat, federazioarentzat&#8230; baina horrek ez digu amore emanarazi. Akats eta asmamen guztiekin, eta Basque Team-eko zuzendaritzaren eta teknikarien babes baldintzagabearekin, lortu dugu Olinpiar ziklo honen azken txanpan RFEPekin ibilbide-orria [&hellip;]<\/p>\n","protected":false},"author":4,"featured_media":102,"comment_status":"open","ping_status":"closed","sticky":false,"template":"","format":"standard","meta":{"footnotes":""},"categories":[34],"tags":[],"class_list":["post-643","post","type-post","status-publish","format-standard","has-post-thumbnail","hentry","category-skateboard-eu"],"_links":{"self":[{"href":"https:\/\/fgpatinaje.eus\/eu\/wp-json\/wp\/v2\/posts\/643","targetHints":{"allow":["GET"]}}],"collection":[{"href":"https:\/\/fgpatinaje.eus\/eu\/wp-json\/wp\/v2\/posts"}],"about":[{"href":"https:\/\/fgpatinaje.eus\/eu\/wp-json\/wp\/v2\/types\/post"}],"author":[{"embeddable":true,"href":"https:\/\/fgpatinaje.eus\/eu\/wp-json\/wp\/v2\/users\/4"}],"replies":[{"embeddable":true,"href":"https:\/\/fgpatinaje.eus\/eu\/wp-json\/wp\/v2\/comments?post=643"}],"version-history":[{"count":1,"href":"https:\/\/fgpatinaje.eus\/eu\/wp-json\/wp\/v2\/posts\/643\/revisions"}],"predecessor-version":[{"id":644,"href":"https:\/\/fgpatinaje.eus\/eu\/wp-json\/wp\/v2\/posts\/643\/revisions\/644"}],"wp:featuredmedia":[{"embeddable":true,"href":"https:\/\/fgpatinaje.eus\/eu\/wp-json\/wp\/v2\/media\/102"}],"wp:attachment":[{"href":"https:\/\/fgpatinaje.eus\/eu\/wp-json\/wp\/v2\/media?parent=643"}],"wp:term":[{"taxonomy":"category","embeddable":true,"href":"https:\/\/fgpatinaje.eus\/eu\/wp-json\/wp\/v2\/categories?post=643"},{"taxonomy":"post_tag","embeddable":true,"href":"https:\/\/fgpatinaje.eus\/eu\/wp-json\/wp\/v2\/tags?post=643"}],"curies":[{"name":"wp","href":"https:\/\/api.w.org\/{rel}","templated":true}]}}